{"id":993,"date":"2020-11-13T09:58:00","date_gmt":"2020-11-13T09:58:00","guid":{"rendered":"https:\/\/refinegroup.com\/mfn_news\/yaytrade-overtecknar-i-pre-ipo-och-forstarker-styrelsen\/"},"modified":"2020-11-13T09:58:00","modified_gmt":"2020-11-13T09:58:00","slug":"yaytrade-overtecknar-i-pre-ipo-och-forstarker-styrelsen","status":"publish","type":"mfn_news","link":"https:\/\/refinegroup.com\/sv\/releases\/yaytrade-overtecknar-i-pre-ipo-och-forstarker-styrelsen\/","title":{"rendered":"Yaytrade \u00f6vertecknar i pre-IPO och f\u00f6rst\u00e4rker styrelsen"},"content":{"rendered":"<div class=\"mfn-preamble\"><strong>Ytrade Group AB publicerade h&auml;romveckan nyheten att de siktar p&aring; en b&ouml;rsnotering under f&ouml;rsta halv&aring;ret 2021 parallellt med att de uppvisat en stark f&ouml;rs&auml;ljningstillv&auml;xt under 2020. Med anledning av detta st&auml;rker bolaget nu upp organisationen och styrelsen d&auml;r Magnus Agervald tilltr&auml;der som ny styrelseordf&ouml;rande med en bakgrund som tidigare VD f&ouml;r Byggmax samt Ratos.<\/strong><\/div>\n<p class=\"mfn-wp-retain\"><span><span><em><span>&rdquo;Vi &auml;r mycket glada &ouml;ver att Magnus valt att tilltr&auml;da uppdraget som ny ordf&ouml;rande i Yaytrade. Magnus har en mycket relevant och skarp bakgrund b&aring;de som entrepren&ouml;r, f&ouml;retagsledare och styrelseproffs i s&aring;v&auml;l onoterade som noterade bolag. Den erfarenhet Magnus bidrar med blir direkt relevant f&ouml;r oss och ger redan ringar p&aring; vattnet i den tillv&auml;xtresa som Yaytrade p&aring;b&ouml;rjat.&rdquo;<\/span><\/em>&nbsp;s&auml;ger David Knape, VD i Yaytrade<\/span><\/span><\/p>\n<p class=\"mfn-wp-retain\"><span><span>Yaytrade har visat en stark tillv&auml;xt p&aring; sina olika f&ouml;rs&auml;ljningsvertikaler under 2020 och har g&aring;tt p&aring; offensiven med sin digitaliserande l&ouml;sning av sample sales\/utg&aring;ende lagerf&ouml;rs&auml;ljning f&ouml;r premiumf&ouml;retag och brands inom fashion segmentet. F&ouml;r att ytterligare&nbsp;st&auml;rka detta ben rekryteras &auml;ven Flora Berglund in i styrelsen av strategiska sk&auml;l med en bakgrund fr&aring;n det svenska uppstickar kl&auml;desm&auml;rket T&ocirc;teme.<\/span><\/span><\/p>\n<p class=\"mfn-wp-retain\"><span><span><em><span>&rdquo;Det ska bli v&auml;ldigt kul att f&aring; b&ouml;rja jobba med Yaytrade-teamet. Jag ser fram emot att f&aring; bidra med min erfarenhet fr&aring;n att jobba f&ouml;r ett premium modevarum&auml;rke, d&auml;r utg&aring;ende lager konstant &auml;r en strategisk trade-off mellan kostnad och varum&auml;rke. Personligen &auml;r jag &auml;ven en super-user av just denna typ av tj&auml;nst och ser mycket potential i Yaytrade som aff&auml;rsid&eacute;.&rdquo;<\/span><\/em>&nbsp;s&auml;ger Flora Berglund.<\/span><\/span><\/p>\n<p class=\"mfn-wp-retain\"><span><span>Yaytrade siktar p&aring; en notering under f&ouml;rsta halv&aring;ret 2021 och st&auml;ngde i f&ouml;rra veckan en pre-IPO emission om ca 16 Mkr. En investeringsrunda som kraftigt &ouml;vertecknades.<\/span><\/span><\/p>\n<p class=\"mfn-wp-retain\"><span><em><span>&rdquo;Yaytrade har en stark aff&auml;rsid&eacute; d&auml;r man kombinerar ett unikt s&auml;tt att n&aring; marknaden genom influencers med att kunna l&ouml;sa m&aring;nga handlares och varum&auml;rkens problem med utf&ouml;rs&auml;ljning av lager. Det ska bli mycket sp&auml;nnande att f&aring; arbeta med David, Jon och resten av teamet i Yaytrade!&rdquo; s&auml;ger Magnus Agervald.<\/span><\/em><\/span><\/p>\n<div class=\"mfn-footer\"><\/div>\n<div class=\"mfn-footer mfn-about\"><\/div>\n<script>\n                Array.prototype.slice.call(document.querySelectorAll(\".mfn-footer.mfn-attachment\")).forEach(function (el) { el.remove() });\n            <\/script>\n        <div class=\"mfn-attachments-container\"><div class=\"mfn-attachment\"><a class=\"mfn-attachment-link\" href=\"https:\/\/storage.mfn.se\/proxy\/yaytrade.jpg?url=https%3A%2F%2Fmb.cision.com%2FPublic%2F15882%2F3253434%2F8950807c67a5db47_org.jpg\"><span class=\"mfn-attachment-icon\"><img decoding=\"async\" src=\"https:\/\/storage.mfn.se\/proxy\/yaytrade.jpg?url=https%3A%2F%2Fmb.cision.com%2FPublic%2F15882%2F3253434%2F8950807c67a5db47_org.jpg&size=w-512\"><\/span>Yaytrade<\/a><\/div><\/div>","protected":false},"excerpt":{"rendered":"<p>Ytrade Group AB publicerade h&auml;romveckan nyheten att de siktar p&aring; en b&ouml;rsnotering under f&ouml;rsta halv&aring;ret 2021 parallellt med att de uppvisat en stark f&ouml;rs&auml;ljningstillv&auml;xt under 2020. Med anledning av detta st&auml;rker bolaget nu upp organisationen och styrelsen d&auml;r Magnus Agervald tilltr&auml;der som ny styrelseordf&ouml;rande med en bakgrund som tidigare VD f&ouml;r Byggmax samt Ratos. &rdquo;Vi [&#8230;]","protected":false},"template":"","class_list":["post-993","mfn_news","type-mfn_news","status-publish","hentry","mfn-news-tag-mfn-ci","mfn-news-tag-mfn-type-ir","mfn-news-tag-mfn","mfn-news-tag-mfn-ci-other","mfn-news-tag-mfn-lang-sv"],"yoast_head":"<!-- This site is optimized with the Yoast SEO plugin v23.3 - https:\/\/yoast.com\/wordpress\/plugins\/seo\/ -->\n<title>Yaytrade \u00f6vertecknar i pre-IPO och f\u00f6rst\u00e4rker styrelsen - Refine Group<\/title>\n<meta name=\"robots\" content=\"index, follow, max-snippet:-1, max-image-preview:large, max-video-preview:-1\" \/>\n<link rel=\"canonical\" href=\"https:\/\/refinegroup.com\/sv\/mfn_news\/yaytrade-overtecknar-i-pre-ipo-och-forstarker-styrelsen\/\" \/>\n<meta property=\"og:locale\" content=\"sv_SE\" \/>\n<meta property=\"og:type\" content=\"article\" \/>\n<meta property=\"og:title\" content=\"Yaytrade \u00f6vertecknar i pre-IPO och f\u00f6rst\u00e4rker styrelsen - Refine Group\" \/>\n<meta property=\"og:description\" content=\"Ytrade Group AB publicerade h&auml;romveckan nyheten att de siktar p&aring; en b&ouml;rsnotering under f&ouml;rsta halv&aring;ret 2021 parallellt med att de uppvisat en stark f&ouml;rs&auml;ljningstillv&auml;xt under 2020. Med anledning av detta st&auml;rker bolaget nu upp organisationen och styrelsen d&auml;r Magnus Agervald tilltr&auml;der som ny styrelseordf&ouml;rande med en bakgrund som tidigare VD f&ouml;r Byggmax samt Ratos. &rdquo;Vi [...]\" \/>\n<meta property=\"og:url\" content=\"https:\/\/refinegroup.com\/sv\/mfn_news\/yaytrade-overtecknar-i-pre-ipo-och-forstarker-styrelsen\/\" \/>\n<meta property=\"og:site_name\" content=\"Refine Group\" \/>\n<meta name=\"twitter:card\" content=\"summary_large_image\" \/>\n<meta name=\"twitter:label1\" content=\"Ber\u00e4knad l\u00e4stid\" \/>\n\t<meta name=\"twitter:data1\" content=\"2 minuter\" \/>\n<script type=\"application\/ld+json\" class=\"yoast-schema-graph\">{\"@context\":\"https:\/\/schema.org\",\"@graph\":[{\"@type\":\"WebPage\",\"@id\":\"https:\/\/refinegroup.com\/mfn_news\/yaytrade-overtecknar-i-pre-ipo-och-forstarker-styrelsen\/\",\"url\":\"https:\/\/refinegroup.com\/mfn_news\/yaytrade-overtecknar-i-pre-ipo-och-forstarker-styrelsen\/\",\"name\":\"Yaytrade \u00f6vertecknar i pre-IPO och f\u00f6rst\u00e4rker styrelsen - Refine Group\",\"isPartOf\":{\"@id\":\"https:\/\/refinegroup.com\/#website\"},\"datePublished\":\"2020-11-13T09:58:00+00:00\",\"dateModified\":\"2020-11-13T09:58:00+00:00\",\"breadcrumb\":{\"@id\":\"https:\/\/refinegroup.com\/mfn_news\/yaytrade-overtecknar-i-pre-ipo-och-forstarker-styrelsen\/#breadcrumb\"},\"inLanguage\":\"sv-SE\",\"potentialAction\":[{\"@type\":\"ReadAction\",\"target\":[\"https:\/\/refinegroup.com\/mfn_news\/yaytrade-overtecknar-i-pre-ipo-och-forstarker-styrelsen\/\"]}]},{\"@type\":\"BreadcrumbList\",\"@id\":\"https:\/\/refinegroup.com\/mfn_news\/yaytrade-overtecknar-i-pre-ipo-och-forstarker-styrelsen\/#breadcrumb\",\"itemListElement\":[{\"@type\":\"ListItem\",\"position\":1,\"name\":\"Home\",\"item\":\"https:\/\/refinegroup.com\/\"},{\"@type\":\"ListItem\",\"position\":2,\"name\":\"MFN News Items\",\"item\":\"https:\/\/refinegroup.com\/mfn_news\/\"},{\"@type\":\"ListItem\",\"position\":3,\"name\":\"Yaytrade \u00f6vertecknar i pre-IPO och f\u00f6rst\u00e4rker styrelsen\"}]},{\"@type\":\"WebSite\",\"@id\":\"https:\/\/refinegroup.com\/#website\",\"url\":\"https:\/\/refinegroup.com\/\",\"name\":\"Refine Group - We accelerate digital growth\",\"description\":\"\",\"publisher\":{\"@id\":\"https:\/\/refinegroup.com\/#organization\"},\"potentialAction\":[{\"@type\":\"SearchAction\",\"target\":{\"@type\":\"EntryPoint\",\"urlTemplate\":\"https:\/\/refinegroup.com\/?s={search_term_string}\"},\"query-input\":\"required name=search_term_string\"}],\"inLanguage\":\"sv-SE\"},{\"@type\":\"Organization\",\"@id\":\"https:\/\/refinegroup.com\/#organization\",\"name\":\"Refine Group - We accelerate digital growth\",\"url\":\"https:\/\/refinegroup.com\/\",\"logo\":{\"@type\":\"ImageObject\",\"inLanguage\":\"sv-SE\",\"@id\":\"https:\/\/refinegroup.com\/#\/schema\/logo\/image\/\",\"url\":\"https:\/\/refinegroup.com\/wp-content\/uploads\/2023\/02\/Refine_logo.png\",\"contentUrl\":\"https:\/\/refinegroup.com\/wp-content\/uploads\/2023\/02\/Refine_logo.png\",\"width\":500,\"height\":47,\"caption\":\"Refine Group - We accelerate digital growth\"},\"image\":{\"@id\":\"https:\/\/refinegroup.com\/#\/schema\/logo\/image\/\"},\"sameAs\":[\"https:\/\/www.linkedin.com\/company\/refinegroup\/\"]}]}<\/script>\n<!-- \/ Yoast SEO plugin. -->","yoast_head_json":{"title":"Yaytrade \u00f6vertecknar i pre-IPO och f\u00f6rst\u00e4rker styrelsen - Refine Group","robots":{"index":"index","follow":"follow","max-snippet":"max-snippet:-1","max-image-preview":"max-image-preview:large","max-video-preview":"max-video-preview:-1"},"canonical":"https:\/\/refinegroup.com\/sv\/mfn_news\/yaytrade-overtecknar-i-pre-ipo-och-forstarker-styrelsen\/","og_locale":"sv_SE","og_type":"article","og_title":"Yaytrade \u00f6vertecknar i pre-IPO och f\u00f6rst\u00e4rker styrelsen - Refine Group","og_description":"Ytrade Group AB publicerade h&auml;romveckan nyheten att de siktar p&aring; en b&ouml;rsnotering under f&ouml;rsta halv&aring;ret 2021 parallellt med att de uppvisat en stark f&ouml;rs&auml;ljningstillv&auml;xt under 2020. Med anledning av detta st&auml;rker bolaget nu upp organisationen och styrelsen d&auml;r Magnus Agervald tilltr&auml;der som ny styrelseordf&ouml;rande med en bakgrund som tidigare VD f&ouml;r Byggmax samt Ratos. &rdquo;Vi [...]","og_url":"https:\/\/refinegroup.com\/sv\/mfn_news\/yaytrade-overtecknar-i-pre-ipo-och-forstarker-styrelsen\/","og_site_name":"Refine Group","twitter_card":"summary_large_image","twitter_misc":{"Ber\u00e4knad l\u00e4stid":"2 minuter"},"schema":{"@context":"https:\/\/schema.org","@graph":[{"@type":"WebPage","@id":"https:\/\/refinegroup.com\/mfn_news\/yaytrade-overtecknar-i-pre-ipo-och-forstarker-styrelsen\/","url":"https:\/\/refinegroup.com\/mfn_news\/yaytrade-overtecknar-i-pre-ipo-och-forstarker-styrelsen\/","name":"Yaytrade \u00f6vertecknar i pre-IPO och f\u00f6rst\u00e4rker styrelsen - Refine Group","isPartOf":{"@id":"https:\/\/refinegroup.com\/#website"},"datePublished":"2020-11-13T09:58:00+00:00","dateModified":"2020-11-13T09:58:00+00:00","breadcrumb":{"@id":"https:\/\/refinegroup.com\/mfn_news\/yaytrade-overtecknar-i-pre-ipo-och-forstarker-styrelsen\/#breadcrumb"},"inLanguage":"sv-SE","potentialAction":[{"@type":"ReadAction","target":["https:\/\/refinegroup.com\/mfn_news\/yaytrade-overtecknar-i-pre-ipo-och-forstarker-styrelsen\/"]}]},{"@type":"BreadcrumbList","@id":"https:\/\/refinegroup.com\/mfn_news\/yaytrade-overtecknar-i-pre-ipo-och-forstarker-styrelsen\/#breadcrumb","itemListElement":[{"@type":"ListItem","position":1,"name":"Home","item":"https:\/\/refinegroup.com\/"},{"@type":"ListItem","position":2,"name":"MFN News Items","item":"https:\/\/refinegroup.com\/mfn_news\/"},{"@type":"ListItem","position":3,"name":"Yaytrade \u00f6vertecknar i pre-IPO och f\u00f6rst\u00e4rker styrelsen"}]},{"@type":"WebSite","@id":"https:\/\/refinegroup.com\/#website","url":"https:\/\/refinegroup.com\/","name":"Refine Group - We accelerate digital growth","description":"","publisher":{"@id":"https:\/\/refinegroup.com\/#organization"},"potentialAction":[{"@type":"SearchAction","target":{"@type":"EntryPoint","urlTemplate":"https:\/\/refinegroup.com\/?s={search_term_string}"},"query-input":"required name=search_term_string"}],"inLanguage":"sv-SE"},{"@type":"Organization","@id":"https:\/\/refinegroup.com\/#organization","name":"Refine Group - We accelerate digital growth","url":"https:\/\/refinegroup.com\/","logo":{"@type":"ImageObject","inLanguage":"sv-SE","@id":"https:\/\/refinegroup.com\/#\/schema\/logo\/image\/","url":"https:\/\/refinegroup.com\/wp-content\/uploads\/2023\/02\/Refine_logo.png","contentUrl":"https:\/\/refinegroup.com\/wp-content\/uploads\/2023\/02\/Refine_logo.png","width":500,"height":47,"caption":"Refine Group - We accelerate digital growth"},"image":{"@id":"https:\/\/refinegroup.com\/#\/schema\/logo\/image\/"},"sameAs":["https:\/\/www.linkedin.com\/company\/refinegroup\/"]}]}},"_links":{"self":[{"href":"https:\/\/refinegroup.com\/sv\/wp-json\/wp\/v2\/mfn_news\/993","targetHints":{"allow":["GET"]}}],"collection":[{"href":"https:\/\/refinegroup.com\/sv\/wp-json\/wp\/v2\/mfn_news"}],"about":[{"href":"https:\/\/refinegroup.com\/sv\/wp-json\/wp\/v2\/types\/mfn_news"}],"wp:attachment":[{"href":"https:\/\/refinegroup.com\/sv\/wp-json\/wp\/v2\/media?parent=993"}],"curies":[{"name":"wp","href":"https:\/\/api.w.org\/{rel}","templated":true}]}}